{"id":405,"date":"2021-06-27T14:03:46","date_gmt":"2021-06-27T11:03:46","guid":{"rendered":"https:\/\/www.myvize.com.tr\/ingiltere\/?p=405"},"modified":"2022-01-05T17:40:49","modified_gmt":"2022-01-05T14:40:49","slug":"ingiltere-vizesi-ne-zaman-acilacak","status":"publish","type":"post","link":"https:\/\/www.myvize.com.tr\/ingiltere\/ingiltere-vizesi-ne-zaman-acilacak\/","title":{"rendered":"\u0130ngiltere Vizesi Ne Zaman A\u00e7\u0131lacak?"},"content":{"rendered":"<p><span style=\"font-family: Roboto;\"><\/span><\/p>\r\n<h2><span style=\"font-family: Roboto; font-size: 27px;\"><strong>\u0130ngiltere Vize Veriyor Mu?<\/strong><\/span><\/h2>\r\n<p><span style=\"font-family: Roboto; font-size: 14px;\">D\u00fcnyay\u0131 kas\u0131p kavuran Covid19 salg\u0131n\u0131 \u00fclkeler aras\u0131 giri\u015f \u00e7\u0131k\u0131\u015flar\u0131 etkilemektedir. Karantina k\u0131s\u0131tlamalar\u0131nda vize i\u015flemlerini durdurma karar\u0131 alan\u00a0<strong>\u0130ngiltere vizesi ne zaman a\u00e7\u0131lacak\u00a0<\/strong>sorusu vize alacak bireylerin g\u00fcndemin yer etmektedir.\u00a0 \u0130ngiltere k\u0131s\u0131tlamalar\u0131n bitmesi ile birlikte g\u00fcvenlik \u00f6nlemlerini de dikkate alarak vize ba\u015fvurular\u0131n\u0131 a\u00e7m\u0131\u015f bulunmaktad\u0131r. Ancak hemen her \u00fclkede oldu\u011fu gibi \u0130ngiltere\u2019de de belirli k\u0131s\u0131tlamalar dahilinde vize kabul etmektedir. Vize ba\u015fvurusu yap\u0131ld\u0131ktan sa\u011fl\u0131k bilgilendirme formu ile birlikte gereken testler yetkililere beyan edilmelidir. PCR testi negatif olmas\u0131 \u00fclke i\u00e7in \u00f6nem arz etmektedir. Bu test yetmi\u015f iki saat \u00f6ncesine ait olmal\u0131d\u0131r. \u00dclkeye giri\u015f yapacak ki\u015filerin sa\u011fl\u0131kl\u0131 olmas\u0131 salg\u0131n\u0131n hafifletmi\u015f konumda bir \u00fclke i\u00e7in \u00e7ok \u00f6nemlidir. \u00a0Bu ko\u015fullarda hemen herkes \u00fclke vize ba\u015fvurusunda bulunabilmektedir.<\/span><\/p>\r\n<p><span style=\"font-family: Roboto; font-size: 14px;\">\r\n\r\n<\/span><\/p>\r\n<p><span style=\"font-family: Roboto; font-size: 14px;\"><strong>\u0130ngiltere Vize Veriyor mu \u015fu anda\u00a0<\/strong>sorusun cevab\u0131 evettir. K\u0131s\u0131tlamalar\u0131n kalkas\u0131 ile birlikte \u0130ngiltere\u2019ye y\u00f6nelik vize ba\u015fvurular\u0131 al\u0131nmaktad\u0131r. \u00dclkeye gidi\u015f amac\u0131n\u0131za dair vize ba\u015fvurunuzu en az on be\u015f g\u00fcn \u00f6ncesinden yapabilirsiniz. B\u00f6ylece belgelerinizi \u00e7ok daha kolay \u015fekilde haz\u0131rlay\u0131p beyan edebilirsiniz.<\/span><\/p>\r\n<p><span style=\"font-family: Roboto;\"><\/span><\/p>","protected":false},"excerpt":{"rendered":"<p>\u0130ngiltere Vize Veriyor Mu? D\u00fcnyay\u0131 kas\u0131p kavuran Covid19 salg\u0131n\u0131 \u00fclkeler aras\u0131 giri\u015f \u00e7\u0131k\u0131\u015flar\u0131 etkilemektedir. Karantina k\u0131s\u0131tlamalar\u0131nda vize i\u015flemlerini durdurma karar\u0131 alan\u00a0\u0130ngiltere vizesi ne zaman a\u00e7\u0131lacak\u00a0sorusu vize alacak bireylerin g\u00fcndemin yer etmektedir.\u00a0 \u0130ngiltere k\u0131s\u0131tlamalar\u0131n bitmesi ile birlikte g\u00fcvenlik \u00f6nlemlerini de dikkate alarak vize ba\u015fvurular\u0131n\u0131 a\u00e7m\u0131\u015f bulunmaktad\u0131r. Ancak hemen her \u00fclkede oldu\u011fu gibi \u0130ngiltere\u2019de de belirli k\u0131s\u0131tlamalar<\/p>\n","protected":false},"author":1,"featured_media":0,"comment_status":"open","ping_status":"open","sticky":false,"template":"","format":"standard","meta":{"footnotes":""},"categories":[1],"tags":[],"class_list":["post-405","post","type-post","status-publish","format-standard","hentry","category-genel"],"yoast_head":"<!-- This site is optimized with the Yoast SEO plugin v24.0 - https:\/\/yoast.com\/wordpress\/plugins\/seo\/ -->\n<title>\u0130ngiltere Vizesi Ne Zaman A\u00e7\u0131lacak? - MyVize<\/title>\n<meta name=\"description\" content=\"\u0130ngiltere Vizesi Ne Zaman A\u00e7\u0131lacak? \u0130ngiltere Vizesi Nas\u0131l Al\u0131n\u0131r? \u0130ngiltere Vizesi Ba\u015fvurusu Nas\u0131l Yap\u0131l\u0131r? \u0130ngiltere Vizesi Alma \u015eartlar\u0131.\" \/>\n<meta name=\"robots\" content=\"index, follow, max-snippet:-1, max-image-preview:large, max-video-preview:-1\" \/>\n<link rel=\"canonical\" href=\"https:\/\/www.myvize.com.tr\/ingiltere\/ingiltere-vizesi-ne-zaman-acilacak\/\" \/>\n<meta property=\"og:locale\" content=\"tr_TR\" \/>\n<meta property=\"og:type\" content=\"article\" \/>\n<meta property=\"og:title\" content=\"\u0130ngiltere Vizesi Ne Zaman A\u00e7\u0131lacak? - MyVize\" \/>\n<meta property=\"og:description\" content=\"\u0130ngiltere Vizesi Ne Zaman A\u00e7\u0131lacak? \u0130ngiltere Vizesi Nas\u0131l Al\u0131n\u0131r? \u0130ngiltere Vizesi Ba\u015fvurusu Nas\u0131l Yap\u0131l\u0131r? \u0130ngiltere Vizesi Alma \u015eartlar\u0131.\" \/>\n<meta property=\"og:url\" content=\"https:\/\/www.myvize.com.tr\/ingiltere\/ingiltere-vizesi-ne-zaman-acilacak\/\" \/>\n<meta property=\"og:site_name\" content=\"\u0130ngiltere Vize Ba\u015fvuru &amp; \u0130ngiltere Vizesi\" \/>\n<meta property=\"article:published_time\" content=\"2021-06-27T11:03:46+00:00\" \/>\n<meta property=\"article:modified_time\" content=\"2022-01-05T14:40:49+00:00\" \/>\n<meta name=\"author\" content=\"Admin\" \/>\n<meta name=\"twitter:card\" content=\"summary_large_image\" \/>\n<meta name=\"twitter:label1\" content=\"Yazan:\" \/>\n\t<meta name=\"twitter:data1\" content=\"Admin\" \/>\n\t<meta name=\"twitter:label2\" content=\"Tahmini okuma s\u00fcresi\" \/>\n\t<meta name=\"twitter:data2\" content=\"1 dakika\" \/>\n<script type=\"application\/ld+json\" class=\"yoast-schema-graph\">{\"@context\":\"https:\/\/schema.org\",\"@graph\":[{\"@type\":\"WebPage\",\"@id\":\"https:\/\/www.myvize.com.tr\/ingiltere\/ingiltere-vizesi-ne-zaman-acilacak\/\",\"url\":\"https:\/\/www.myvize.com.tr\/ingiltere\/ingiltere-vizesi-ne-zaman-acilacak\/\",\"name\":\"\u0130ngiltere Vizesi Ne Zaman A\u00e7\u0131lacak? - MyVize\",\"isPartOf\":{\"@id\":\"https:\/\/www.myvize.com.tr\/ingiltere\/#website\"},\"datePublished\":\"2021-06-27T11:03:46+00:00\",\"dateModified\":\"2022-01-05T14:40:49+00:00\",\"author\":{\"@id\":\"https:\/\/www.myvize.com.tr\/ingiltere\/#\/schema\/person\/4f2f73b3c45367feadebd7b3792c1f3a\"},\"description\":\"\u0130ngiltere Vizesi Ne Zaman A\u00e7\u0131lacak? \u0130ngiltere Vizesi Nas\u0131l Al\u0131n\u0131r? \u0130ngiltere Vizesi Ba\u015fvurusu Nas\u0131l Yap\u0131l\u0131r? \u0130ngiltere Vizesi Alma \u015eartlar\u0131.\",\"breadcrumb\":{\"@id\":\"https:\/\/www.myvize.com.tr\/ingiltere\/ingiltere-vizesi-ne-zaman-acilacak\/#breadcrumb\"},\"inLanguage\":\"tr\",\"potentialAction\":[{\"@type\":\"ReadAction\",\"target\":[\"https:\/\/www.myvize.com.tr\/ingiltere\/ingiltere-vizesi-ne-zaman-acilacak\/\"]}]},{\"@type\":\"BreadcrumbList\",\"@id\":\"https:\/\/www.myvize.com.tr\/ingiltere\/ingiltere-vizesi-ne-zaman-acilacak\/#breadcrumb\",\"itemListElement\":[{\"@type\":\"ListItem\",\"position\":1,\"name\":\"Anasayfa\",\"item\":\"https:\/\/www.myvize.com.tr\/ingiltere\/\"},{\"@type\":\"ListItem\",\"position\":2,\"name\":\"\u0130ngiltere Vizesi Ne Zaman A\u00e7\u0131lacak?\"}]},{\"@type\":\"WebSite\",\"@id\":\"https:\/\/www.myvize.com.tr\/ingiltere\/#website\",\"url\":\"https:\/\/www.myvize.com.tr\/ingiltere\/\",\"name\":\"\u0130ngiltere Vize Ba\u015fvuru &amp; \u0130ngiltere Vizesi\",\"description\":\"\",\"potentialAction\":[{\"@type\":\"SearchAction\",\"target\":{\"@type\":\"EntryPoint\",\"urlTemplate\":\"https:\/\/www.myvize.com.tr\/ingiltere\/?s={search_term_string}\"},\"query-input\":{\"@type\":\"PropertyValueSpecification\",\"valueRequired\":true,\"valueName\":\"search_term_string\"}}],\"inLanguage\":\"tr\"},{\"@type\":\"Person\",\"@id\":\"https:\/\/www.myvize.com.tr\/ingiltere\/#\/schema\/person\/4f2f73b3c45367feadebd7b3792c1f3a\",\"name\":\"Admin\",\"image\":{\"@type\":\"ImageObject\",\"inLanguage\":\"tr\",\"@id\":\"https:\/\/www.myvize.com.tr\/ingiltere\/#\/schema\/person\/image\/\",\"url\":\"https:\/\/secure.gravatar.com\/avatar\/abcb92585de5485c90fa158242480a96?s=96&d=mm&r=g\",\"contentUrl\":\"https:\/\/secure.gravatar.com\/avatar\/abcb92585de5485c90fa158242480a96?s=96&d=mm&r=g\",\"caption\":\"Admin\"},\"sameAs\":[\"https:\/\/www.myvize.com.tr\/ingiltere\"],\"url\":\"https:\/\/www.myvize.com.tr\/ingiltere\/author\/almanya\/\"}]}<\/script>\n<!-- \/ Yoast SEO plugin. -->","yoast_head_json":{"title":"\u0130ngiltere Vizesi Ne Zaman A\u00e7\u0131lacak? - MyVize","description":"\u0130ngiltere Vizesi Ne Zaman A\u00e7\u0131lacak? \u0130ngiltere Vizesi Nas\u0131l Al\u0131n\u0131r? \u0130ngiltere Vizesi Ba\u015fvurusu Nas\u0131l Yap\u0131l\u0131r? \u0130ngiltere Vizesi Alma \u015eartlar\u0131.","robots":{"index":"index","follow":"follow","max-snippet":"max-snippet:-1","max-image-preview":"max-image-preview:large","max-video-preview":"max-video-preview:-1"},"canonical":"https:\/\/www.myvize.com.tr\/ingiltere\/ingiltere-vizesi-ne-zaman-acilacak\/","og_locale":"tr_TR","og_type":"article","og_title":"\u0130ngiltere Vizesi Ne Zaman A\u00e7\u0131lacak? - MyVize","og_description":"\u0130ngiltere Vizesi Ne Zaman A\u00e7\u0131lacak? \u0130ngiltere Vizesi Nas\u0131l Al\u0131n\u0131r? \u0130ngiltere Vizesi Ba\u015fvurusu Nas\u0131l Yap\u0131l\u0131r? \u0130ngiltere Vizesi Alma \u015eartlar\u0131.","og_url":"https:\/\/www.myvize.com.tr\/ingiltere\/ingiltere-vizesi-ne-zaman-acilacak\/","og_site_name":"\u0130ngiltere Vize Ba\u015fvuru &amp; \u0130ngiltere Vizesi","article_published_time":"2021-06-27T11:03:46+00:00","article_modified_time":"2022-01-05T14:40:49+00:00","author":"Admin","twitter_card":"summary_large_image","twitter_misc":{"Yazan:":"Admin","Tahmini okuma s\u00fcresi":"1 dakika"},"schema":{"@context":"https:\/\/schema.org","@graph":[{"@type":"WebPage","@id":"https:\/\/www.myvize.com.tr\/ingiltere\/ingiltere-vizesi-ne-zaman-acilacak\/","url":"https:\/\/www.myvize.com.tr\/ingiltere\/ingiltere-vizesi-ne-zaman-acilacak\/","name":"\u0130ngiltere Vizesi Ne Zaman A\u00e7\u0131lacak? - MyVize","isPartOf":{"@id":"https:\/\/www.myvize.com.tr\/ingiltere\/#website"},"datePublished":"2021-06-27T11:03:46+00:00","dateModified":"2022-01-05T14:40:49+00:00","author":{"@id":"https:\/\/www.myvize.com.tr\/ingiltere\/#\/schema\/person\/4f2f73b3c45367feadebd7b3792c1f3a"},"description":"\u0130ngiltere Vizesi Ne Zaman A\u00e7\u0131lacak? \u0130ngiltere Vizesi Nas\u0131l Al\u0131n\u0131r? \u0130ngiltere Vizesi Ba\u015fvurusu Nas\u0131l Yap\u0131l\u0131r? \u0130ngiltere Vizesi Alma \u015eartlar\u0131.","breadcrumb":{"@id":"https:\/\/www.myvize.com.tr\/ingiltere\/ingiltere-vizesi-ne-zaman-acilacak\/#breadcrumb"},"inLanguage":"tr","potentialAction":[{"@type":"ReadAction","target":["https:\/\/www.myvize.com.tr\/ingiltere\/ingiltere-vizesi-ne-zaman-acilacak\/"]}]},{"@type":"BreadcrumbList","@id":"https:\/\/www.myvize.com.tr\/ingiltere\/ingiltere-vizesi-ne-zaman-acilacak\/#breadcrumb","itemListElement":[{"@type":"ListItem","position":1,"name":"Anasayfa","item":"https:\/\/www.myvize.com.tr\/ingiltere\/"},{"@type":"ListItem","position":2,"name":"\u0130ngiltere Vizesi Ne Zaman A\u00e7\u0131lacak?"}]},{"@type":"WebSite","@id":"https:\/\/www.myvize.com.tr\/ingiltere\/#website","url":"https:\/\/www.myvize.com.tr\/ingiltere\/","name":"\u0130ngiltere Vize Ba\u015fvuru &amp; \u0130ngiltere Vizesi","description":"","potentialAction":[{"@type":"SearchAction","target":{"@type":"EntryPoint","urlTemplate":"https:\/\/www.myvize.com.tr\/ingiltere\/?s={search_term_string}"},"query-input":{"@type":"PropertyValueSpecification","valueRequired":true,"valueName":"search_term_string"}}],"inLanguage":"tr"},{"@type":"Person","@id":"https:\/\/www.myvize.com.tr\/ingiltere\/#\/schema\/person\/4f2f73b3c45367feadebd7b3792c1f3a","name":"Admin","image":{"@type":"ImageObject","inLanguage":"tr","@id":"https:\/\/www.myvize.com.tr\/ingiltere\/#\/schema\/person\/image\/","url":"https:\/\/secure.gravatar.com\/avatar\/abcb92585de5485c90fa158242480a96?s=96&d=mm&r=g","contentUrl":"https:\/\/secure.gravatar.com\/avatar\/abcb92585de5485c90fa158242480a96?s=96&d=mm&r=g","caption":"Admin"},"sameAs":["https:\/\/www.myvize.com.tr\/ingiltere"],"url":"https:\/\/www.myvize.com.tr\/ingiltere\/author\/almanya\/"}]}},"_links":{"self":[{"href":"https:\/\/www.myvize.com.tr\/ingiltere\/wp-json\/wp\/v2\/posts\/405","targetHints":{"allow":["GET"]}}],"collection":[{"href":"https:\/\/www.myvize.com.tr\/ingiltere\/wp-json\/wp\/v2\/posts"}],"about":[{"href":"https:\/\/www.myvize.com.tr\/ingiltere\/wp-json\/wp\/v2\/types\/post"}],"author":[{"embeddable":true,"href":"https:\/\/www.myvize.com.tr\/ingiltere\/wp-json\/wp\/v2\/users\/1"}],"replies":[{"embeddable":true,"href":"https:\/\/www.myvize.com.tr\/ingiltere\/wp-json\/wp\/v2\/comments?post=405"}],"version-history":[{"count":3,"href":"https:\/\/www.myvize.com.tr\/ingiltere\/wp-json\/wp\/v2\/posts\/405\/revisions"}],"predecessor-version":[{"id":1153,"href":"https:\/\/www.myvize.com.tr\/ingiltere\/wp-json\/wp\/v2\/posts\/405\/revisions\/1153"}],"wp:attachment":[{"href":"https:\/\/www.myvize.com.tr\/ingiltere\/wp-json\/wp\/v2\/media?parent=405"}],"wp:term":[{"taxonomy":"category","embeddable":true,"href":"https:\/\/www.myvize.com.tr\/ingiltere\/wp-json\/wp\/v2\/categories?post=405"},{"taxonomy":"post_tag","embeddable":true,"href":"https:\/\/www.myvize.com.tr\/ingiltere\/wp-json\/wp\/v2\/tags?post=405"}],"curies":[{"name":"wp","href":"https:\/\/api.w.org\/{rel}","templated":true}]}}