{"id":407,"date":"2021-07-15T02:54:00","date_gmt":"2021-07-14T23:54:00","guid":{"rendered":"https:\/\/www.myvize.com.tr\/ispanya\/?p=407"},"modified":"2022-01-14T15:34:41","modified_gmt":"2022-01-14T12:34:41","slug":"ispanya-vizesi-acildi-mi","status":"publish","type":"post","link":"https:\/\/www.myvize.com.tr\/ispanya\/ispanya-vizesi-acildi-mi\/","title":{"rendered":"\u0130spanya Vizesi A\u00e7\u0131ld\u0131 M\u0131?"},"content":{"rendered":"<h2><span style=\"font-family: Roboto; font-size: 27px;\"><strong>Covid 19 Kapsam\u0131nda \u0130spanya Vizesi ile \u0130lgili Son Durum Nedir?<\/strong><\/span><\/h2>\n<p><span style=\"font-family: Roboto; font-size: 14px;\">Covid\u00a019 kurallar\u0131 kapsam\u0131nda vize i\u015flemlerinin ve yurt d\u0131\u015f\u0131 seyahatlerinin nas\u0131l yap\u0131laca\u011f\u0131 herkes taraf\u0131ndan merak edilmekte. Merak edilen \u00fclkelerden birisi de T\u00fcrkiye\u2019den s\u0131k\u00e7a seyahat yap\u0131lan \u0130spanya. \u0130spanya d\u0131\u015f temsilciliklerinden\u00a0covid\u00a019 kapsam\u0131nda yap\u0131lan en g\u00fcncel a\u00e7\u0131klama ise \u015f\u00f6yle:<\/span><\/p>\n<p><span style=\"font-family: Roboto; font-size: 14px;\">\u0130spanya d\u0131\u015f temsilcilikleri vize i\u015flemlerinin g\u00fcncel olarak devam etti\u011fini buna ek olarak\u00a0pandemi\u00a0kapsam\u0131nda \u00f6nlemler al\u0131nd\u0131\u011f\u0131n\u0131 da ekledi.<\/span><\/p>\n<h2><span style=\"font-family: Roboto; font-size: 27px;\"><strong>\u0130spanya Vizesi A\u00e7\u0131ld\u0131 M\u0131?\u00a0\u00a0<\/strong><\/span><\/h2>\n<p><span style=\"font-family: Roboto; font-size: 14px;\">Ki\u015filer<strong> \u0130spanya vize ba\u015fvuru<\/strong> i\u015flemlerini \u00f6nceden oldu\u011fu gibi y\u00fcr\u00fctebilecekler. \u0130spanya vize i\u015flemlerinde aranan\u00a0en \u00f6nemli\u00a0\u015fart Avrupa \u0130la\u00e7 Ajans\u0131\u2019n\u0131n veya D\u00fcnya Sa\u011fl\u0131k \u00d6rg\u00fct\u00fcn\u00fcn\u00a0onaylad\u0131\u011f\u0131 a\u015f\u0131lardan olmu\u015f olmak. \u0130ki doz Avrupa \u0130la\u00e7 Ajans\u0131 veya D\u00fcnya Sa\u011fl\u0131k \u00d6rg\u00fct\u00fc\u00a0onayl\u0131 a\u015f\u0131 olmayanlar\u0131n \u0130spanya vize talepleri reddedilecek.<\/span><\/p>\n<h2><span style=\"font-family: Roboto; font-size: 27px;\"><strong>Ki\u015filerin seyahatleri\u00a0ve vize i\u015flemleri i\u00e7in \u00f6nemli bilgiler:\u00a0<\/strong><\/span><\/h2>\n<ul>\n<li><span style=\"font-family: Roboto; font-size: 14px;\">Pfizer-Biontech,\u00a0Moderna, Astra-Zeneca,\u00a0Jansen\/Johnson&amp;Johnson,\u00a0Sinovac\u00a0ve\u00a0Sinopharm\u00a0a\u015f\u0131lar\u0131ndan 2 doz olmak.<\/span><\/li>\n<li><span style=\"font-family: Roboto; font-size: 14px;\">A\u015f\u0131 Belgesi: Son doz a\u015f\u0131dan 14 g\u00fcn sonra \u0130spanyolca, \u0130ngilizce,\u00a0Frans\u0131zca veya\u00a0Almanca\u00a0d\u00fczenlenmi\u015f belge ibraz edilmelidir.<\/span><\/li>\n<li><span style=\"font-family: Roboto; font-size: 14px;\">Te\u015fhis Sertifikas\u0131:\u00a0\u0130spanya seyahatinden 48 saat \u00f6nce d\u00fczenlenmeli ve ibraz edilmelidir. (Negatif PCR testi, NAAT\u00a0veya Avrupa Komisyonu ortak listesinde kabul g\u00f6ren negatif antijen testi)<\/span><\/li>\n<li><span style=\"font-family: Roboto; font-size: 14px;\">\u0130yile\u015fme Belgesi: (Hastal\u0131\u011f\u0131 ge\u00e7irenler i\u00e7in)<\/span><\/li>\n<\/ul>\n<p><span style=\"font-family: Roboto; font-size: 14px;\">Ki\u015filer<span style=\"color: #2acec2;\"><strong><a style=\"color: #2acec2;\" href=\"https:\/\/www.myvize.com.tr\/ispanya\/vize-islemleri\/\" target=\"_blank\" rel=\"noopener\"> \u0130spanya vize i\u015flemleri <\/a><\/strong><\/span>i\u00e7in g\u00fcncel bilgiler alabilmek ad\u0131na \u0130spanya d\u0131\u015f temsilcilikleri ile irtibata ge\u00e7ebilir ya da \u0130spanya d\u0131\u015f temsilciliklerinin onaylad\u0131\u011f\u0131 temsilcilikler ve acentelerle g\u00f6r\u00fc\u015febilirler.<\/span><\/p>\n","protected":false},"excerpt":{"rendered":"<p>Covid 19 Kapsam\u0131nda \u0130spanya Vizesi ile \u0130lgili Son Durum Nedir? Covid\u00a019 kurallar\u0131 kapsam\u0131nda vize i\u015flemlerinin ve yurt d\u0131\u015f\u0131 seyahatlerinin nas\u0131l yap\u0131laca\u011f\u0131 herkes taraf\u0131ndan merak edilmekte. Merak edilen \u00fclkelerden birisi de T\u00fcrkiye\u2019den s\u0131k\u00e7a seyahat yap\u0131lan \u0130spanya. \u0130spanya d\u0131\u015f temsilciliklerinden\u00a0covid\u00a019 kapsam\u0131nda yap\u0131lan en g\u00fcncel a\u00e7\u0131klama ise \u015f\u00f6yle: \u0130spanya d\u0131\u015f temsilcilikleri vize i\u015flemlerinin g\u00fcncel olarak devam etti\u011fini buna<\/p>\n","protected":false},"author":1,"featured_media":0,"comment_status":"open","ping_status":"open","sticky":false,"template":"","format":"standard","meta":{"footnotes":""},"categories":[1],"tags":[],"class_list":["post-407","post","type-post","status-publish","format-standard","hentry","category-genel"],"yoast_head":"<!-- This site is optimized with the Yoast SEO plugin v24.0 - https:\/\/yoast.com\/wordpress\/plugins\/seo\/ -->\n<title>\u0130spanya Vizesi A\u00e7\u0131ld\u0131 M\u0131? - \u0130spanya Vizesi - MyVize<\/title>\n<meta name=\"description\" content=\"\u0130spanya Vizesi A\u00e7\u0131ld\u0131 M\u0131 2022? \u0130spanya Vizesi Ne Zaman A\u00e7\u0131lacak? \u0130spanya Vizesi nas\u0131l al\u0131n\u0131r? Bilgi \u0130\u00e7in Hemen Aray\u0131n: 0850 346 84 93\" \/>\n<meta name=\"robots\" content=\"index, follow, max-snippet:-1, max-image-preview:large, max-video-preview:-1\" \/>\n<link rel=\"canonical\" href=\"https:\/\/www.myvize.com.tr\/ispanya\/ispanya-vizesi-acildi-mi\/\" \/>\n<meta property=\"og:locale\" content=\"tr_TR\" \/>\n<meta property=\"og:type\" content=\"article\" \/>\n<meta property=\"og:title\" content=\"\u0130spanya Vizesi A\u00e7\u0131ld\u0131 M\u0131? - \u0130spanya Vizesi - MyVize\" \/>\n<meta property=\"og:description\" content=\"\u0130spanya Vizesi A\u00e7\u0131ld\u0131 M\u0131 2022? \u0130spanya Vizesi Ne Zaman A\u00e7\u0131lacak? \u0130spanya Vizesi nas\u0131l al\u0131n\u0131r? Bilgi \u0130\u00e7in Hemen Aray\u0131n: 0850 346 84 93\" \/>\n<meta property=\"og:url\" content=\"https:\/\/www.myvize.com.tr\/ispanya\/ispanya-vizesi-acildi-mi\/\" \/>\n<meta property=\"og:site_name\" content=\"\u0130spanya Vizesi\" \/>\n<meta property=\"article:published_time\" content=\"2021-07-14T23:54:00+00:00\" \/>\n<meta property=\"article:modified_time\" content=\"2022-01-14T12:34:41+00:00\" \/>\n<meta name=\"author\" content=\"Admin\" \/>\n<meta name=\"twitter:card\" content=\"summary_large_image\" \/>\n<meta name=\"twitter:label1\" content=\"Yazan:\" \/>\n\t<meta name=\"twitter:data1\" content=\"Admin\" \/>\n\t<meta name=\"twitter:label2\" content=\"Tahmini okuma s\u00fcresi\" \/>\n\t<meta name=\"twitter:data2\" content=\"1 dakika\" \/>\n<script type=\"application\/ld+json\" class=\"yoast-schema-graph\">{\"@context\":\"https:\/\/schema.org\",\"@graph\":[{\"@type\":\"WebPage\",\"@id\":\"https:\/\/www.myvize.com.tr\/ispanya\/ispanya-vizesi-acildi-mi\/\",\"url\":\"https:\/\/www.myvize.com.tr\/ispanya\/ispanya-vizesi-acildi-mi\/\",\"name\":\"\u0130spanya Vizesi A\u00e7\u0131ld\u0131 M\u0131? - \u0130spanya Vizesi - MyVize\",\"isPartOf\":{\"@id\":\"https:\/\/www.myvize.com.tr\/ispanya\/#website\"},\"datePublished\":\"2021-07-14T23:54:00+00:00\",\"dateModified\":\"2022-01-14T12:34:41+00:00\",\"author\":{\"@id\":\"https:\/\/www.myvize.com.tr\/ispanya\/#\/schema\/person\/4f2f73b3c45367feadebd7b3792c1f3a\"},\"description\":\"\u0130spanya Vizesi A\u00e7\u0131ld\u0131 M\u0131 2022? \u0130spanya Vizesi Ne Zaman A\u00e7\u0131lacak? \u0130spanya Vizesi nas\u0131l al\u0131n\u0131r? Bilgi \u0130\u00e7in Hemen Aray\u0131n: 0850 346 84 93\",\"breadcrumb\":{\"@id\":\"https:\/\/www.myvize.com.tr\/ispanya\/ispanya-vizesi-acildi-mi\/#breadcrumb\"},\"inLanguage\":\"tr\",\"potentialAction\":[{\"@type\":\"ReadAction\",\"target\":[\"https:\/\/www.myvize.com.tr\/ispanya\/ispanya-vizesi-acildi-mi\/\"]}]},{\"@type\":\"BreadcrumbList\",\"@id\":\"https:\/\/www.myvize.com.tr\/ispanya\/ispanya-vizesi-acildi-mi\/#breadcrumb\",\"itemListElement\":[{\"@type\":\"ListItem\",\"position\":1,\"name\":\"Anasayfa\",\"item\":\"https:\/\/www.myvize.com.tr\/ispanya\/\"},{\"@type\":\"ListItem\",\"position\":2,\"name\":\"\u0130spanya Vizesi A\u00e7\u0131ld\u0131 M\u0131?\"}]},{\"@type\":\"WebSite\",\"@id\":\"https:\/\/www.myvize.com.tr\/ispanya\/#website\",\"url\":\"https:\/\/www.myvize.com.tr\/ispanya\/\",\"name\":\"\u0130spanya Vizesi\",\"description\":\"\",\"potentialAction\":[{\"@type\":\"SearchAction\",\"target\":{\"@type\":\"EntryPoint\",\"urlTemplate\":\"https:\/\/www.myvize.com.tr\/ispanya\/?s={search_term_string}\"},\"query-input\":{\"@type\":\"PropertyValueSpecification\",\"valueRequired\":true,\"valueName\":\"search_term_string\"}}],\"inLanguage\":\"tr\"},{\"@type\":\"Person\",\"@id\":\"https:\/\/www.myvize.com.tr\/ispanya\/#\/schema\/person\/4f2f73b3c45367feadebd7b3792c1f3a\",\"name\":\"Admin\",\"image\":{\"@type\":\"ImageObject\",\"inLanguage\":\"tr\",\"@id\":\"https:\/\/www.myvize.com.tr\/ispanya\/#\/schema\/person\/image\/\",\"url\":\"https:\/\/secure.gravatar.com\/avatar\/abcb92585de5485c90fa158242480a96?s=96&d=mm&r=g\",\"contentUrl\":\"https:\/\/secure.gravatar.com\/avatar\/abcb92585de5485c90fa158242480a96?s=96&d=mm&r=g\",\"caption\":\"Admin\"},\"sameAs\":[\"https:\/\/www.myvize.com.tr\/ispanya\"],\"url\":\"https:\/\/www.myvize.com.tr\/ispanya\/author\/almanya\/\"}]}<\/script>\n<!-- \/ Yoast SEO plugin. -->","yoast_head_json":{"title":"\u0130spanya Vizesi A\u00e7\u0131ld\u0131 M\u0131? - \u0130spanya Vizesi - MyVize","description":"\u0130spanya Vizesi A\u00e7\u0131ld\u0131 M\u0131 2022? \u0130spanya Vizesi Ne Zaman A\u00e7\u0131lacak? \u0130spanya Vizesi nas\u0131l al\u0131n\u0131r? Bilgi \u0130\u00e7in Hemen Aray\u0131n: 0850 346 84 93","robots":{"index":"index","follow":"follow","max-snippet":"max-snippet:-1","max-image-preview":"max-image-preview:large","max-video-preview":"max-video-preview:-1"},"canonical":"https:\/\/www.myvize.com.tr\/ispanya\/ispanya-vizesi-acildi-mi\/","og_locale":"tr_TR","og_type":"article","og_title":"\u0130spanya Vizesi A\u00e7\u0131ld\u0131 M\u0131? - \u0130spanya Vizesi - MyVize","og_description":"\u0130spanya Vizesi A\u00e7\u0131ld\u0131 M\u0131 2022? \u0130spanya Vizesi Ne Zaman A\u00e7\u0131lacak? \u0130spanya Vizesi nas\u0131l al\u0131n\u0131r? Bilgi \u0130\u00e7in Hemen Aray\u0131n: 0850 346 84 93","og_url":"https:\/\/www.myvize.com.tr\/ispanya\/ispanya-vizesi-acildi-mi\/","og_site_name":"\u0130spanya Vizesi","article_published_time":"2021-07-14T23:54:00+00:00","article_modified_time":"2022-01-14T12:34:41+00:00","author":"Admin","twitter_card":"summary_large_image","twitter_misc":{"Yazan:":"Admin","Tahmini okuma s\u00fcresi":"1 dakika"},"schema":{"@context":"https:\/\/schema.org","@graph":[{"@type":"WebPage","@id":"https:\/\/www.myvize.com.tr\/ispanya\/ispanya-vizesi-acildi-mi\/","url":"https:\/\/www.myvize.com.tr\/ispanya\/ispanya-vizesi-acildi-mi\/","name":"\u0130spanya Vizesi A\u00e7\u0131ld\u0131 M\u0131? - \u0130spanya Vizesi - MyVize","isPartOf":{"@id":"https:\/\/www.myvize.com.tr\/ispanya\/#website"},"datePublished":"2021-07-14T23:54:00+00:00","dateModified":"2022-01-14T12:34:41+00:00","author":{"@id":"https:\/\/www.myvize.com.tr\/ispanya\/#\/schema\/person\/4f2f73b3c45367feadebd7b3792c1f3a"},"description":"\u0130spanya Vizesi A\u00e7\u0131ld\u0131 M\u0131 2022? \u0130spanya Vizesi Ne Zaman A\u00e7\u0131lacak? \u0130spanya Vizesi nas\u0131l al\u0131n\u0131r? Bilgi \u0130\u00e7in Hemen Aray\u0131n: 0850 346 84 93","breadcrumb":{"@id":"https:\/\/www.myvize.com.tr\/ispanya\/ispanya-vizesi-acildi-mi\/#breadcrumb"},"inLanguage":"tr","potentialAction":[{"@type":"ReadAction","target":["https:\/\/www.myvize.com.tr\/ispanya\/ispanya-vizesi-acildi-mi\/"]}]},{"@type":"BreadcrumbList","@id":"https:\/\/www.myvize.com.tr\/ispanya\/ispanya-vizesi-acildi-mi\/#breadcrumb","itemListElement":[{"@type":"ListItem","position":1,"name":"Anasayfa","item":"https:\/\/www.myvize.com.tr\/ispanya\/"},{"@type":"ListItem","position":2,"name":"\u0130spanya Vizesi A\u00e7\u0131ld\u0131 M\u0131?"}]},{"@type":"WebSite","@id":"https:\/\/www.myvize.com.tr\/ispanya\/#website","url":"https:\/\/www.myvize.com.tr\/ispanya\/","name":"\u0130spanya Vizesi","description":"","potentialAction":[{"@type":"SearchAction","target":{"@type":"EntryPoint","urlTemplate":"https:\/\/www.myvize.com.tr\/ispanya\/?s={search_term_string}"},"query-input":{"@type":"PropertyValueSpecification","valueRequired":true,"valueName":"search_term_string"}}],"inLanguage":"tr"},{"@type":"Person","@id":"https:\/\/www.myvize.com.tr\/ispanya\/#\/schema\/person\/4f2f73b3c45367feadebd7b3792c1f3a","name":"Admin","image":{"@type":"ImageObject","inLanguage":"tr","@id":"https:\/\/www.myvize.com.tr\/ispanya\/#\/schema\/person\/image\/","url":"https:\/\/secure.gravatar.com\/avatar\/abcb92585de5485c90fa158242480a96?s=96&d=mm&r=g","contentUrl":"https:\/\/secure.gravatar.com\/avatar\/abcb92585de5485c90fa158242480a96?s=96&d=mm&r=g","caption":"Admin"},"sameAs":["https:\/\/www.myvize.com.tr\/ispanya"],"url":"https:\/\/www.myvize.com.tr\/ispanya\/author\/almanya\/"}]}},"_links":{"self":[{"href":"https:\/\/www.myvize.com.tr\/ispanya\/wp-json\/wp\/v2\/posts\/407","targetHints":{"allow":["GET"]}}],"collection":[{"href":"https:\/\/www.myvize.com.tr\/ispanya\/wp-json\/wp\/v2\/posts"}],"about":[{"href":"https:\/\/www.myvize.com.tr\/ispanya\/wp-json\/wp\/v2\/types\/post"}],"author":[{"embeddable":true,"href":"https:\/\/www.myvize.com.tr\/ispanya\/wp-json\/wp\/v2\/users\/1"}],"replies":[{"embeddable":true,"href":"https:\/\/www.myvize.com.tr\/ispanya\/wp-json\/wp\/v2\/comments?post=407"}],"version-history":[{"count":4,"href":"https:\/\/www.myvize.com.tr\/ispanya\/wp-json\/wp\/v2\/posts\/407\/revisions"}],"predecessor-version":[{"id":824,"href":"https:\/\/www.myvize.com.tr\/ispanya\/wp-json\/wp\/v2\/posts\/407\/revisions\/824"}],"wp:attachment":[{"href":"https:\/\/www.myvize.com.tr\/ispanya\/wp-json\/wp\/v2\/media?parent=407"}],"wp:term":[{"taxonomy":"category","embeddable":true,"href":"https:\/\/www.myvize.com.tr\/ispanya\/wp-json\/wp\/v2\/categories?post=407"},{"taxonomy":"post_tag","embeddable":true,"href":"https:\/\/www.myvize.com.tr\/ispanya\/wp-json\/wp\/v2\/tags?post=407"}],"curies":[{"name":"wp","href":"https:\/\/api.w.org\/{rel}","templated":true}]}}