{"id":341,"date":"2021-07-15T02:52:28","date_gmt":"2021-07-14T23:52:28","guid":{"rendered":"https:\/\/www.myvize.com.tr\/portekiz\/?p=341"},"modified":"2022-02-03T16:23:53","modified_gmt":"2022-02-03T13:23:53","slug":"portekiz-vizesi-acildi-mi","status":"publish","type":"post","link":"https:\/\/www.myvize.com.tr\/portekiz\/portekiz-vizesi-acildi-mi\/","title":{"rendered":"Portekiz Vizesi A\u00e7\u0131ld\u0131 M\u0131?"},"content":{"rendered":"<div>\n<h2><span style=\"font-family: Roboto; font-size: 27px;\"><strong>Covid 19 Kapsam\u0131nda Portekiz Vizesi ile \u0130lgili Son Durum\u00a0<\/strong><\/span><\/h2>\n<p><span style=\"font-family: Roboto; font-size: 14px;\">Covid\u00a019 kurallar\u0131 kapsam\u0131nda vize i\u015flemlerinin ve yurt d\u0131\u015f\u0131 seyahatlerinin nas\u0131l yap\u0131laca\u011f\u0131 herkes taraf\u0131ndan merak edilmekte. Merak edilen \u00fclkelerden birisi de T\u00fcrkiye\u2019den s\u0131k\u00e7a seyahat yap\u0131lan Portekiz. Portekiz d\u0131\u015f temsilciliklerinden\u00a0Covid\u00a019 kapsam\u0131nda yap\u0131lan en g\u00fcncel a\u00e7\u0131klama ise \u015f\u00f6yle:<\/span><\/p>\n<p><span style=\"font-family: Roboto; font-size: 14px;\">Portekiz d\u0131\u015f temsilcilikleri vize i\u015flemlerinin g\u00fcncel olarak devam etti\u011fini buna ek olarak\u00a0pandemi\u00a0kapsam\u0131nda \u00f6nlemler al\u0131nd\u0131\u011f\u0131n\u0131 da ekledi.<\/span><\/p>\n<h2><span style=\"font-family: Roboto; font-size: 27px;\"><strong>Portekiz Vizesi A\u00e7\u0131ld\u0131 M\u0131?\u00a0\u00a0<\/strong><\/span><\/h2>\n<p><span style=\"font-family: Roboto; font-size: 14px;\">Portekiz d\u0131\u015f temsilcilik yetkililerin yapt\u0131\u011f\u0131 a\u00e7\u0131klamaya g\u00f6re ki\u015filer Portekiz vize ba\u015fvuru i\u015flemlerini \u00f6nceden oldu\u011fu gibi y\u00fcr\u00fctebilecekler.<\/span><\/p>\n<h2><span style=\"font-family: Roboto; font-size: 27px;\"><strong>Potekiz Vizesi ile \u0130lgili \u00d6nemli Bilgiler:\u00a0\u00a0<\/strong><\/span><\/h2>\n<ul>\n<li><span style=\"font-family: Roboto; font-size: 14px;\">Ki\u015filer mutlaka Portekiz vize i\u015flemlerinden \u00f6nce randevu almak zorundalar.<\/span><\/li>\n<li><span style=\"font-family: Roboto; font-size: 14px;\">Ki\u015filer Portekiz vize randevular\u0131na\u00a0yaln\u0131zca sconsular.ankara@mne.pt.\u00a0adresinden\u00a0alabilmekteler<\/span><\/li>\n<li><span style=\"font-family: Roboto; font-size: 14px;\">Ki\u015filerin Portekiz vize randevu talepleri 2 g\u00fcn sonra yan\u0131tlanmaktad\u0131r.<\/span><\/li>\n<li><span style=\"font-family: Roboto; font-size: 14px;\">Portekiz temsilciliklerinden i\u015fleme a\u00e7\u0131lan kategoriler a\u015fa\u011f\u0131daki gibidir:<\/span><\/li>\n<\/ul>\n<ol>\n<li><span style=\"font-family: Roboto; font-size: 14px;\">Ulusal vize t\u00fcrlerinden i\u015flem yap\u0131lmakta. (D &amp; E Tipi)<\/span><\/li>\n<li><span style=\"font-family: Roboto; font-size: 14px;\">Shengen\u00a0vizesi i\u00e7in ise:<\/span><\/li>\n<\/ol>\n<ul>\n<li><span style=\"font-family: Roboto; font-size: 14px;\">\u00a0Zorunlu nedenlerden kaynaklanan seyahatler (Aile birle\u015fimi, sa\u011fl\u0131 nedeniyle, e\u011fitim nedeniyle, mesleki nedenlerden)<\/span><\/li>\n<li><span style=\"font-family: Roboto; font-size: 14px;\">AB vatanda\u015flar\u0131n\u0131n aile \u00fcyeleri i\u00e7in yap\u0131lmakta<\/span><\/li>\n<li><span style=\"font-family: Roboto; font-size: 14px;\">\u0130nsani nedenlerle yap\u0131lacak seyahatler i\u00e7in<\/span><\/li>\n<li><span style=\"font-family: Roboto; font-size: 14px;\">Portekizce dili konu\u015fulan \u00fclkelerin vatanda\u015flar\u0131 i\u00e7in sa\u011fl\u0131k protokolleri kapsam\u0131ndaki seyahatler<\/span><\/li>\n<\/ul>\n<p><span style=\"font-family: Roboto; font-size: 14px;\">Portekiz vize ba\u015fvurular\u0131 hafta i\u00e7i her g\u00fcn 9.30-12.30 aras\u0131\u00a0yap\u0131lmakta (Resm\u00ee\u00a0tatiller ve bayramlar hari\u00e7)<\/span><\/p>\n<p><span style=\"font-family: Roboto; font-size: 14px;\">Ki\u015filer Portekiz vize i\u015flemleri i\u00e7in g\u00fcncel bilgiler alabilmek ad\u0131na Portekiz d\u0131\u015f temsilcilikleri ile irtibata ge\u00e7ebilir ya da Portekiz d\u0131\u015f temsilciliklerinin onaylad\u0131\u011f\u0131 temsilcilikler ve acentelerle g\u00f6r\u00fc\u015febilirler.<\/span><\/p>\n<p>&nbsp;<\/p>\n<\/div>\n","protected":false},"excerpt":{"rendered":"<p>Covid 19 Kapsam\u0131nda Portekiz Vizesi ile \u0130lgili Son Durum\u00a0 Covid\u00a019 kurallar\u0131 kapsam\u0131nda vize i\u015flemlerinin ve yurt d\u0131\u015f\u0131 seyahatlerinin nas\u0131l yap\u0131laca\u011f\u0131 herkes taraf\u0131ndan merak edilmekte. Merak edilen \u00fclkelerden birisi de T\u00fcrkiye\u2019den s\u0131k\u00e7a seyahat yap\u0131lan Portekiz. Portekiz d\u0131\u015f temsilciliklerinden\u00a0Covid\u00a019 kapsam\u0131nda yap\u0131lan en g\u00fcncel a\u00e7\u0131klama ise \u015f\u00f6yle: Portekiz d\u0131\u015f temsilcilikleri vize i\u015flemlerinin g\u00fcncel olarak devam etti\u011fini buna ek<\/p>\n","protected":false},"author":1,"featured_media":0,"comment_status":"open","ping_status":"open","sticky":false,"template":"","format":"standard","meta":{"footnotes":""},"categories":[1],"tags":[],"class_list":["post-341","post","type-post","status-publish","format-standard","hentry","category-genel"],"yoast_head":"<!-- This site is optimized with the Yoast SEO plugin v24.0 - https:\/\/yoast.com\/wordpress\/plugins\/seo\/ -->\n<title>Portekiz Vizesi A\u00e7\u0131ld\u0131 M\u0131? - MyVize Vize Ba\u015fvuru Merkezi<\/title>\n<meta name=\"description\" content=\"Portekiz Vizesi A\u00e7\u0131ld\u0131 M\u0131 2022? Portekiz Vize Ba\u015fvurusu Nas\u0131l Yap\u0131l\u0131r? Portekiz Vize Randevusu Nas\u0131l Al\u0131n\u0131r?\" \/>\n<meta name=\"robots\" content=\"index, follow, max-snippet:-1, max-image-preview:large, max-video-preview:-1\" \/>\n<link rel=\"canonical\" href=\"https:\/\/www.myvize.com.tr\/portekiz\/portekiz-vizesi-acildi-mi\/\" \/>\n<meta property=\"og:locale\" content=\"tr_TR\" \/>\n<meta property=\"og:type\" content=\"article\" \/>\n<meta property=\"og:title\" content=\"Portekiz Vizesi A\u00e7\u0131ld\u0131 M\u0131? - MyVize Vize Ba\u015fvuru Merkezi\" \/>\n<meta property=\"og:description\" content=\"Portekiz Vizesi A\u00e7\u0131ld\u0131 M\u0131 2022? Portekiz Vize Ba\u015fvurusu Nas\u0131l Yap\u0131l\u0131r? Portekiz Vize Randevusu Nas\u0131l Al\u0131n\u0131r?\" \/>\n<meta property=\"og:url\" content=\"https:\/\/www.myvize.com.tr\/portekiz\/portekiz-vizesi-acildi-mi\/\" \/>\n<meta property=\"og:site_name\" content=\"Portekiz Vize \u0130\u015flemleri &amp; Portekiz Vize Ba\u015fvurusu\" \/>\n<meta property=\"article:published_time\" content=\"2021-07-14T23:52:28+00:00\" \/>\n<meta property=\"article:modified_time\" content=\"2022-02-03T13:23:53+00:00\" \/>\n<meta name=\"author\" content=\"almanya\" \/>\n<meta name=\"twitter:card\" content=\"summary_large_image\" \/>\n<meta name=\"twitter:label1\" content=\"Yazan:\" \/>\n\t<meta name=\"twitter:data1\" content=\"almanya\" \/>\n\t<meta name=\"twitter:label2\" content=\"Tahmini okuma s\u00fcresi\" \/>\n\t<meta name=\"twitter:data2\" content=\"1 dakika\" \/>\n<script type=\"application\/ld+json\" class=\"yoast-schema-graph\">{\"@context\":\"https:\/\/schema.org\",\"@graph\":[{\"@type\":\"WebPage\",\"@id\":\"https:\/\/www.myvize.com.tr\/portekiz\/portekiz-vizesi-acildi-mi\/\",\"url\":\"https:\/\/www.myvize.com.tr\/portekiz\/portekiz-vizesi-acildi-mi\/\",\"name\":\"Portekiz Vizesi A\u00e7\u0131ld\u0131 M\u0131? - MyVize Vize Ba\u015fvuru Merkezi\",\"isPartOf\":{\"@id\":\"https:\/\/www.myvize.com.tr\/portekiz\/#website\"},\"datePublished\":\"2021-07-14T23:52:28+00:00\",\"dateModified\":\"2022-02-03T13:23:53+00:00\",\"author\":{\"@id\":\"https:\/\/www.myvize.com.tr\/portekiz\/#\/schema\/person\/4f2f73b3c45367feadebd7b3792c1f3a\"},\"description\":\"Portekiz Vizesi A\u00e7\u0131ld\u0131 M\u0131 2022? Portekiz Vize Ba\u015fvurusu Nas\u0131l Yap\u0131l\u0131r? Portekiz Vize Randevusu Nas\u0131l Al\u0131n\u0131r?\",\"breadcrumb\":{\"@id\":\"https:\/\/www.myvize.com.tr\/portekiz\/portekiz-vizesi-acildi-mi\/#breadcrumb\"},\"inLanguage\":\"tr\",\"potentialAction\":[{\"@type\":\"ReadAction\",\"target\":[\"https:\/\/www.myvize.com.tr\/portekiz\/portekiz-vizesi-acildi-mi\/\"]}]},{\"@type\":\"BreadcrumbList\",\"@id\":\"https:\/\/www.myvize.com.tr\/portekiz\/portekiz-vizesi-acildi-mi\/#breadcrumb\",\"itemListElement\":[{\"@type\":\"ListItem\",\"position\":1,\"name\":\"Anasayfa\",\"item\":\"https:\/\/www.myvize.com.tr\/portekiz\/\"},{\"@type\":\"ListItem\",\"position\":2,\"name\":\"Portekiz Vizesi A\u00e7\u0131ld\u0131 M\u0131?\"}]},{\"@type\":\"WebSite\",\"@id\":\"https:\/\/www.myvize.com.tr\/portekiz\/#website\",\"url\":\"https:\/\/www.myvize.com.tr\/portekiz\/\",\"name\":\"Portekiz Vize \u0130\u015flemleri &amp; Portekiz Vize Ba\u015fvurusu\",\"description\":\"\",\"potentialAction\":[{\"@type\":\"SearchAction\",\"target\":{\"@type\":\"EntryPoint\",\"urlTemplate\":\"https:\/\/www.myvize.com.tr\/portekiz\/?s={search_term_string}\"},\"query-input\":{\"@type\":\"PropertyValueSpecification\",\"valueRequired\":true,\"valueName\":\"search_term_string\"}}],\"inLanguage\":\"tr\"},{\"@type\":\"Person\",\"@id\":\"https:\/\/www.myvize.com.tr\/portekiz\/#\/schema\/person\/4f2f73b3c45367feadebd7b3792c1f3a\",\"name\":\"almanya\",\"image\":{\"@type\":\"ImageObject\",\"inLanguage\":\"tr\",\"@id\":\"https:\/\/www.myvize.com.tr\/portekiz\/#\/schema\/person\/image\/\",\"url\":\"https:\/\/secure.gravatar.com\/avatar\/abcb92585de5485c90fa158242480a96?s=96&d=mm&r=g\",\"contentUrl\":\"https:\/\/secure.gravatar.com\/avatar\/abcb92585de5485c90fa158242480a96?s=96&d=mm&r=g\",\"caption\":\"almanya\"},\"sameAs\":[\"https:\/\/www.myvize.com.tr\/portekiz\"],\"url\":\"https:\/\/www.myvize.com.tr\/portekiz\/author\/almanya\/\"}]}<\/script>\n<!-- \/ Yoast SEO plugin. -->","yoast_head_json":{"title":"Portekiz Vizesi A\u00e7\u0131ld\u0131 M\u0131? - MyVize Vize Ba\u015fvuru Merkezi","description":"Portekiz Vizesi A\u00e7\u0131ld\u0131 M\u0131 2022? Portekiz Vize Ba\u015fvurusu Nas\u0131l Yap\u0131l\u0131r? Portekiz Vize Randevusu Nas\u0131l Al\u0131n\u0131r?","robots":{"index":"index","follow":"follow","max-snippet":"max-snippet:-1","max-image-preview":"max-image-preview:large","max-video-preview":"max-video-preview:-1"},"canonical":"https:\/\/www.myvize.com.tr\/portekiz\/portekiz-vizesi-acildi-mi\/","og_locale":"tr_TR","og_type":"article","og_title":"Portekiz Vizesi A\u00e7\u0131ld\u0131 M\u0131? - MyVize Vize Ba\u015fvuru Merkezi","og_description":"Portekiz Vizesi A\u00e7\u0131ld\u0131 M\u0131 2022? Portekiz Vize Ba\u015fvurusu Nas\u0131l Yap\u0131l\u0131r? Portekiz Vize Randevusu Nas\u0131l Al\u0131n\u0131r?","og_url":"https:\/\/www.myvize.com.tr\/portekiz\/portekiz-vizesi-acildi-mi\/","og_site_name":"Portekiz Vize \u0130\u015flemleri &amp; Portekiz Vize Ba\u015fvurusu","article_published_time":"2021-07-14T23:52:28+00:00","article_modified_time":"2022-02-03T13:23:53+00:00","author":"almanya","twitter_card":"summary_large_image","twitter_misc":{"Yazan:":"almanya","Tahmini okuma s\u00fcresi":"1 dakika"},"schema":{"@context":"https:\/\/schema.org","@graph":[{"@type":"WebPage","@id":"https:\/\/www.myvize.com.tr\/portekiz\/portekiz-vizesi-acildi-mi\/","url":"https:\/\/www.myvize.com.tr\/portekiz\/portekiz-vizesi-acildi-mi\/","name":"Portekiz Vizesi A\u00e7\u0131ld\u0131 M\u0131? - MyVize Vize Ba\u015fvuru Merkezi","isPartOf":{"@id":"https:\/\/www.myvize.com.tr\/portekiz\/#website"},"datePublished":"2021-07-14T23:52:28+00:00","dateModified":"2022-02-03T13:23:53+00:00","author":{"@id":"https:\/\/www.myvize.com.tr\/portekiz\/#\/schema\/person\/4f2f73b3c45367feadebd7b3792c1f3a"},"description":"Portekiz Vizesi A\u00e7\u0131ld\u0131 M\u0131 2022? Portekiz Vize Ba\u015fvurusu Nas\u0131l Yap\u0131l\u0131r? Portekiz Vize Randevusu Nas\u0131l Al\u0131n\u0131r?","breadcrumb":{"@id":"https:\/\/www.myvize.com.tr\/portekiz\/portekiz-vizesi-acildi-mi\/#breadcrumb"},"inLanguage":"tr","potentialAction":[{"@type":"ReadAction","target":["https:\/\/www.myvize.com.tr\/portekiz\/portekiz-vizesi-acildi-mi\/"]}]},{"@type":"BreadcrumbList","@id":"https:\/\/www.myvize.com.tr\/portekiz\/portekiz-vizesi-acildi-mi\/#breadcrumb","itemListElement":[{"@type":"ListItem","position":1,"name":"Anasayfa","item":"https:\/\/www.myvize.com.tr\/portekiz\/"},{"@type":"ListItem","position":2,"name":"Portekiz Vizesi A\u00e7\u0131ld\u0131 M\u0131?"}]},{"@type":"WebSite","@id":"https:\/\/www.myvize.com.tr\/portekiz\/#website","url":"https:\/\/www.myvize.com.tr\/portekiz\/","name":"Portekiz Vize \u0130\u015flemleri &amp; Portekiz Vize Ba\u015fvurusu","description":"","potentialAction":[{"@type":"SearchAction","target":{"@type":"EntryPoint","urlTemplate":"https:\/\/www.myvize.com.tr\/portekiz\/?s={search_term_string}"},"query-input":{"@type":"PropertyValueSpecification","valueRequired":true,"valueName":"search_term_string"}}],"inLanguage":"tr"},{"@type":"Person","@id":"https:\/\/www.myvize.com.tr\/portekiz\/#\/schema\/person\/4f2f73b3c45367feadebd7b3792c1f3a","name":"almanya","image":{"@type":"ImageObject","inLanguage":"tr","@id":"https:\/\/www.myvize.com.tr\/portekiz\/#\/schema\/person\/image\/","url":"https:\/\/secure.gravatar.com\/avatar\/abcb92585de5485c90fa158242480a96?s=96&d=mm&r=g","contentUrl":"https:\/\/secure.gravatar.com\/avatar\/abcb92585de5485c90fa158242480a96?s=96&d=mm&r=g","caption":"almanya"},"sameAs":["https:\/\/www.myvize.com.tr\/portekiz"],"url":"https:\/\/www.myvize.com.tr\/portekiz\/author\/almanya\/"}]}},"_links":{"self":[{"href":"https:\/\/www.myvize.com.tr\/portekiz\/wp-json\/wp\/v2\/posts\/341","targetHints":{"allow":["GET"]}}],"collection":[{"href":"https:\/\/www.myvize.com.tr\/portekiz\/wp-json\/wp\/v2\/posts"}],"about":[{"href":"https:\/\/www.myvize.com.tr\/portekiz\/wp-json\/wp\/v2\/types\/post"}],"author":[{"embeddable":true,"href":"https:\/\/www.myvize.com.tr\/portekiz\/wp-json\/wp\/v2\/users\/1"}],"replies":[{"embeddable":true,"href":"https:\/\/www.myvize.com.tr\/portekiz\/wp-json\/wp\/v2\/comments?post=341"}],"version-history":[{"count":5,"href":"https:\/\/www.myvize.com.tr\/portekiz\/wp-json\/wp\/v2\/posts\/341\/revisions"}],"predecessor-version":[{"id":703,"href":"https:\/\/www.myvize.com.tr\/portekiz\/wp-json\/wp\/v2\/posts\/341\/revisions\/703"}],"wp:attachment":[{"href":"https:\/\/www.myvize.com.tr\/portekiz\/wp-json\/wp\/v2\/media?parent=341"}],"wp:term":[{"taxonomy":"category","embeddable":true,"href":"https:\/\/www.myvize.com.tr\/portekiz\/wp-json\/wp\/v2\/categories?post=341"},{"taxonomy":"post_tag","embeddable":true,"href":"https:\/\/www.myvize.com.tr\/portekiz\/wp-json\/wp\/v2\/tags?post=341"}],"curies":[{"name":"wp","href":"https:\/\/api.w.org\/{rel}","templated":true}]}}